{"id":5251,"date":"2021-11-04T12:03:00","date_gmt":"2021-11-04T11:03:00","guid":{"rendered":"https:\/\/www.platformofinvention.sk\/muessen-sie-sich-gedanken-ueber-die-migration-in-die-cloud-machen\/"},"modified":"2025-03-20T16:08:30","modified_gmt":"2025-03-20T15:08:30","slug":"muessen-sie-sich-gedanken-ueber-die-migration-in-die-cloud-machen","status":"publish","type":"post","link":"https:\/\/www.platformofinvention.sk\/de\/muessen-sie-sich-gedanken-ueber-die-migration-in-die-cloud-machen\/","title":{"rendered":"M\u00fcssen Sie sich Gedanken \u00fcber die Migration in die Cloud machen?"},"content":{"rendered":"\n<h4 class=\"wp-block-heading\">Wir fragen Unternehmen, die das bereits hinter sich haben und es nicht bereuen.<\/h4>\n\n<div class=\"wp-block-columns is-layout-flex wp-container-core-columns-is-layout-28f84493 wp-block-columns-is-layout-flex\">\n<div class=\"wp-block-column is-layout-flow wp-block-column-is-layout-flow\" style=\"flex-basis:100%\">\n<div class=\"wp-block-columns is-layout-flex wp-container-core-columns-is-layout-28f84493 wp-block-columns-is-layout-flex\">\n<div class=\"wp-block-column is-layout-flow wp-block-column-is-layout-flow\" style=\"flex-basis:66.66%\">\n<p>Global Assistance Slovakia bietet technischen Beistand f\u00fcr Autofahrer bei Unf\u00e4llen oder Pannen, Beistandsleistungen f\u00fcr Personen, die ins Ausland reisen, Dienstleistungen im Zusammenhang mit der L\u00f6sung von Problemen bei der Nutzung von Immobilien sowie zus\u00e4tzliche medizinische Beistandsleistungen wie einen Arzt am Telefon, eine zweite medizinische Meinung, personalisierte Onkologie usw. F\u00fcr ihre Aktivit\u00e4ten nutzt sie ein professionelles Netzwerk von Vertragspartnern aus der Slowakei und anderen L\u00e4ndern der Welt. <\/p>\n\n\n\n<p>&#8222;Unser Ansto\u00df f\u00fcr die Migration in die Cloud-Umgebung war eine Innovation in Form der Einf\u00fchrung einer spezialisierten Anwendung, die Assistenzdienste von Vertragspartnern aus dem Netzwerk von Versicherungsgesellschaften, Leasinggesellschaften und Banken verwaltet. Urspr\u00fcnglich waren wir auf der Suche nach einem Anbieter von Hardware-Infrastruktur, aber f\u00fcr die Nutzung von Cloud-Diensten sprach nicht nur der Vergleich der Gesamtkosten beider L\u00f6sungen, sondern auch die Garantie der Verf\u00fcgbarkeit und Zuverl\u00e4ssigkeit der Cloud im 24\/7-Modus. Die Migration war f\u00fcr uns keine so gro\u00dfe Herausforderung, da der Cloud-Anbieter uns die M\u00f6glichkeit gab, das Projekt und seine Funktionalit\u00e4t zu testen und zu optimieren, bevor wir es in Betrieb nahmen. Heute nutzen wir ein voll funktionsf\u00e4higes IT-System und verf\u00fcgen neben der Umgebung f\u00fcr die Anwendung selbst auch \u00fcber eine Testumgebung in der Cloud. Dank dieser k\u00f6nnen wir neue Callcenter-Mitarbeiter und Kooperationspartner ohne betriebliche Einschr\u00e4nkungen schulen.&#8220;    <\/p>\n<\/div>\n\n\n\n<div class=\"wp-block-column is-layout-flow wp-block-column-is-layout-flow\" style=\"flex-basis:33.33%\">\n<figure class=\"wp-block-image size-large\"><img fetchpriority=\"high\" decoding=\"async\" width=\"682\" height=\"1024\" src=\"https:\/\/www.platformofinvention.sk\/wp-content\/uploads\/2021\/11\/GAMO_BQ5A5765_web2-682x1024.jpg\" alt=\"\" class=\"wp-image-2898\" srcset=\"https:\/\/www.platformofinvention.sk\/wp-content\/uploads\/2021\/11\/GAMO_BQ5A5765_web2-682x1024.jpg 682w, https:\/\/www.platformofinvention.sk\/wp-content\/uploads\/2021\/11\/GAMO_BQ5A5765_web2-200x300.jpg 200w, https:\/\/www.platformofinvention.sk\/wp-content\/uploads\/2021\/11\/GAMO_BQ5A5765_web2-768x1152.jpg 768w, https:\/\/www.platformofinvention.sk\/wp-content\/uploads\/2021\/11\/GAMO_BQ5A5765_web2-1024x1536.jpg 1024w, https:\/\/www.platformofinvention.sk\/wp-content\/uploads\/2021\/11\/GAMO_BQ5A5765_web2.jpg 1333w\" sizes=\"(max-width: 682px) 100vw, 682px\" \/><figcaption>Roman Klamo, Projektleiter, <strong>Global Assistance Slovakia, s.r.o.<\/strong><\/figcaption><\/figure>\n<\/div>\n<\/div>\n<\/div>\n<\/div>\n\n<div class=\"wp-block-columns is-layout-flex wp-container-core-columns-is-layout-28f84493 wp-block-columns-is-layout-flex\">\n<div class=\"wp-block-column is-layout-flow wp-block-column-is-layout-flow\" style=\"flex-basis:66.66%\">\n<p>Wenn die wichtigsten Parameter der Cloud-Anbieter in Bezug auf Leistung, Architektur, Lizenzierung und Zugangsmechanismen f\u00fcr Sie zufriedenstellend und mehr oder weniger vergleichbar sind, wird der Preis zum entscheidenden Kriterium. Eine neue Cloud-Umgebung, in der Sie Ihre Systeme kosteng\u00fcnstiger betreiben als bei einem konkurrierenden Anbieter, ist zweifelsohne verlockend. Solange Sie sich auf die qualifizierte Unterst\u00fctzung von Spezialisten verlassen k\u00f6nnen, die Sie durch die Migrationsstrategie f\u00fchren, lohnt es sich sicherlich, Anwendungen und Systeme von einer Cloud-Umgebung in eine andere zu migrieren. Eine Migration in Eigenregie kann viele Fallstricke mit sich bringen. Es gibt also keinen Grund, an den Kosten zu sparen und sich auf die Hilfe von Experten zu verlassen.   <\/p>\n\n\n\n<p>In unserem Fall haben wir den \u00dcbergang von einem Anbieter zu einem anderen vollzogen, und der gesamte Migrationsprozess wurde von Spezialisten eines dritten Cloud-Service-Anbieters geleitet. So wurden alle Migrationsschritte korrekt, ohne Komplikationen und mit einem vorbereiteten Szenario f\u00fcr einen reibungslosen Ablauf durchgef\u00fchrt. Unser Unternehmen DETOX ist ein Entsorgungsdienstleister und wir nutzen die virtuelle Cloud-Infrastruktur bereits seit mehr als 8 Jahren. Wir sch\u00e4tzen die Schnelligkeit, mit der sie auf Ver\u00e4nderungen reagiert, die M\u00f6glichkeit, unsere IT-Infrastruktur dynamisch zu erweitern, und die F\u00e4higkeit, Ressourcen zu nutzen, wenn wir sie brauchen. Heute widmen wir unsere Zeit ganz der Systementwicklung und der Unterst\u00fctzung unseres Kerngesch\u00e4fts.    <\/p>\n<\/div>\n\n\n\n<div class=\"wp-block-column is-layout-flow wp-block-column-is-layout-flow\" style=\"flex-basis:33.33%\">\n<figure class=\"wp-block-image size-large\"><img decoding=\"async\" width=\"682\" height=\"1024\" src=\"https:\/\/www.platformofinvention.sk\/wp-content\/uploads\/2021\/11\/GAMO_BQ5A5866_web2-682x1024.jpg\" alt=\"\" class=\"wp-image-2894\" srcset=\"https:\/\/www.platformofinvention.sk\/wp-content\/uploads\/2021\/11\/GAMO_BQ5A5866_web2-682x1024.jpg 682w, https:\/\/www.platformofinvention.sk\/wp-content\/uploads\/2021\/11\/GAMO_BQ5A5866_web2-200x300.jpg 200w, https:\/\/www.platformofinvention.sk\/wp-content\/uploads\/2021\/11\/GAMO_BQ5A5866_web2-768x1152.jpg 768w, https:\/\/www.platformofinvention.sk\/wp-content\/uploads\/2021\/11\/GAMO_BQ5A5866_web2-1024x1536.jpg 1024w, https:\/\/www.platformofinvention.sk\/wp-content\/uploads\/2021\/11\/GAMO_BQ5A5866_web2.jpg 1333w\" sizes=\"(max-width: 682px) 100vw, 682px\" \/><figcaption>Miroslav Stan\u00edk, IT Manager, <br\/> Detox<strong>s.r.o.<\/strong><\/figcaption><\/figure>\n<\/div>\n<\/div>\n\n<div class=\"wp-block-columns is-layout-flex wp-container-core-columns-is-layout-28f84493 wp-block-columns-is-layout-flex\">\n<div class=\"wp-block-column is-layout-flow wp-block-column-is-layout-flow\" style=\"flex-basis:66.66%\">\n<p>Die Migration der Server in die Cloud hat uns von der Notwendigkeit befreit, den Status der Server und ihre Betriebsparameter t\u00e4glich zu \u00fcberwachen. Das Kerngesch\u00e4ft von Flos Slovakia, s.r.o. ist der Import und Vertrieb von Blumen. F\u00fcr uns ist es wichtig, die Erwartungen unserer Kunden wahrzunehmen, ihnen eine gro\u00dfe Auswahl, sofortige Verf\u00fcgbarkeit und schnelle Fernkommunikation in Form von: bestellen, bezahlen, versenden zu bieten. Alles muss perfekt funktionieren, denn unsere Betriebsabl\u00e4ufe h\u00e4ngen von einem hohen Automatisierungsgrad und einem st\u00f6rungsfreien Betrieb ab.   <\/p>\n\n\n\n<p>Wir beschlossen daher, eine gr\u00fcndliche Analyse des Zustands des Netzwerks und der Systeme durchzuf\u00fchren. So konnten wir uns einen umfassenden \u00dcberblick \u00fcber die Sicherheit, die Kontinuit\u00e4t im Falle eines Ausfalls und die Verwendung von Betriebssystemversionen verschaffen. Als Teil der Analyse berechneten wir auch die Ausgaben \u00fcber die durchschnittliche Lebensdauer der physischen Infrastruktur. Die klare Antwort f\u00fcr den zuk\u00fcnftigen Umfang unserer Dienste und des technischen Supports war der Einstieg in die Cloud.<br\/>Und hatten wir Bedenken wegen der Migration? Nein, hatten wir nicht. Es war und ist wichtig, sich die Zeit zu nehmen, den Wechsel zu einer Cloud-Plattform sorgf\u00e4ltig zu planen. Sowohl f\u00fcr die Erneuerung der Infrastruktur als auch f\u00fcr die Neugestaltung der gesamten Anwendungsumgebung, die sich auf die Art und Weise auswirkt, wie IT-Administratoren mit Systemen, Anwendungen und ihren Endbenutzern interagieren, und diese ver\u00e4ndert. Eine Bedarfsanalyse ist f\u00fcr jeden, der sich f\u00fcr die Cloud interessiert, empfehlenswert.       <\/p>\n<\/div>\n\n\n\n<div class=\"wp-block-column is-layout-flow wp-block-column-is-layout-flow\" style=\"flex-basis:33.33%\">\n<figure class=\"wp-block-image size-large\"><img decoding=\"async\" width=\"682\" height=\"1024\" src=\"https:\/\/www.platformofinvention.sk\/wp-content\/uploads\/2021\/11\/GAMO_BQ5A5783-682x1024.jpg\" alt=\"\" class=\"wp-image-2896\" srcset=\"https:\/\/www.platformofinvention.sk\/wp-content\/uploads\/2021\/11\/GAMO_BQ5A5783-682x1024.jpg 682w, https:\/\/www.platformofinvention.sk\/wp-content\/uploads\/2021\/11\/GAMO_BQ5A5783-200x300.jpg 200w, https:\/\/www.platformofinvention.sk\/wp-content\/uploads\/2021\/11\/GAMO_BQ5A5783-768x1152.jpg 768w, https:\/\/www.platformofinvention.sk\/wp-content\/uploads\/2021\/11\/GAMO_BQ5A5783-1024x1536.jpg 1024w, https:\/\/www.platformofinvention.sk\/wp-content\/uploads\/2021\/11\/GAMO_BQ5A5783.jpg 1333w\" sizes=\"(max-width: 682px) 100vw, 682px\" \/><figcaption>\u013dubo\u0161 Ziman, Verkaufsdirektor,<br\/> Flos<strong>Slovakia, s.r.o.<\/strong><\/figcaption><\/figure>\n<\/div>\n<\/div>\n","protected":false},"excerpt":{"rendered":"<p>Wir haben drei slowakische Unternehmen nach ihren Erfahrungen mit der Migration in die Cloud gefragt.<\/p>\n","protected":false},"author":4,"featured_media":5257,"comment_status":"closed","ping_status":"closed","sticky":false,"template":"","format":"standard","meta":{"footnotes":""},"categories":[65],"tags":[],"cislo-magazinu":[36],"class_list":["post-5251","post","type-post","status-publish","format-standard","has-post-thumbnail","hentry","category-umfrage","cislo-magazinu-36"],"yoast_head":"<!-- This site is optimized with the Yoast SEO plugin v27.3 - https:\/\/yoast.com\/product\/yoast-seo-wordpress\/ -->\n<title>M\u00fcssen Sie sich Gedanken \u00fcber die Migration in die Cloud machen? - Platform of invention<\/title>\n<meta name=\"robots\" content=\"index, follow, max-snippet:-1, max-image-preview:large, max-video-preview:-1\" \/>\n<link rel=\"canonical\" href=\"https:\/\/www.platformofinvention.sk\/de\/muessen-sie-sich-gedanken-ueber-die-migration-in-die-cloud-machen\/\" \/>\n<meta property=\"og:locale\" content=\"de_DE\" \/>\n<meta property=\"og:type\" content=\"article\" \/>\n<meta property=\"og:title\" content=\"M\u00fcssen Sie sich Gedanken \u00fcber die Migration in die Cloud machen? - Platform of invention\" \/>\n<meta property=\"og:description\" content=\"Wir haben drei slowakische Unternehmen nach ihren Erfahrungen mit der Migration in die Cloud gefragt.\" \/>\n<meta property=\"og:url\" content=\"https:\/\/www.platformofinvention.sk\/de\/muessen-sie-sich-gedanken-ueber-die-migration-in-die-cloud-machen\/\" \/>\n<meta property=\"og:site_name\" content=\"Platform of invention\" \/>\n<meta property=\"article:published_time\" content=\"2021-11-04T11:03:00+00:00\" \/>\n<meta property=\"article:modified_time\" content=\"2025-03-20T15:08:30+00:00\" \/>\n<meta property=\"og:image\" content=\"https:\/\/www.platformofinvention.sk\/wp-content\/uploads\/2021\/03\/young-architect-sitting-at-the-desk-indoors-in-off-VKAY6T2.jpg\" \/>\n\t<meta property=\"og:image:width\" content=\"2000\" \/>\n\t<meta property=\"og:image:height\" content=\"1333\" \/>\n\t<meta property=\"og:image:type\" content=\"image\/jpeg\" \/>\n<meta name=\"author\" content=\"Martin Pis\u00e1k\" \/>\n<meta name=\"twitter:card\" content=\"summary_large_image\" \/>\n<meta name=\"twitter:label1\" content=\"Verfasst von\" \/>\n\t<meta name=\"twitter:data1\" content=\"Martin Pis\u00e1k\" \/>\n\t<meta name=\"twitter:label2\" content=\"Gesch\u00e4tzte Lesezeit\" \/>\n\t<meta name=\"twitter:data2\" content=\"4\u00a0Minuten\" \/>\n<script type=\"application\/ld+json\" class=\"yoast-schema-graph\">{\"@context\":\"https:\\\/\\\/schema.org\",\"@graph\":[{\"@type\":\"Article\",\"@id\":\"https:\\\/\\\/www.platformofinvention.sk\\\/de\\\/muessen-sie-sich-gedanken-ueber-die-migration-in-die-cloud-machen\\\/#article\",\"isPartOf\":{\"@id\":\"https:\\\/\\\/www.platformofinvention.sk\\\/de\\\/muessen-sie-sich-gedanken-ueber-die-migration-in-die-cloud-machen\\\/\"},\"author\":{\"name\":\"Martin Pis\u00e1k\",\"@id\":\"https:\\\/\\\/www.platformofinvention.sk\\\/de\\\/#\\\/schema\\\/person\\\/08e798240c6b7cb46de703286ca199b5\"},\"headline\":\"M\u00fcssen Sie sich Gedanken \u00fcber die Migration in die Cloud machen?\",\"datePublished\":\"2021-11-04T11:03:00+00:00\",\"dateModified\":\"2025-03-20T15:08:30+00:00\",\"mainEntityOfPage\":{\"@id\":\"https:\\\/\\\/www.platformofinvention.sk\\\/de\\\/muessen-sie-sich-gedanken-ueber-die-migration-in-die-cloud-machen\\\/\"},\"wordCount\":742,\"publisher\":{\"@id\":\"https:\\\/\\\/www.platformofinvention.sk\\\/de\\\/#organization\"},\"image\":{\"@id\":\"https:\\\/\\\/www.platformofinvention.sk\\\/de\\\/muessen-sie-sich-gedanken-ueber-die-migration-in-die-cloud-machen\\\/#primaryimage\"},\"thumbnailUrl\":\"https:\\\/\\\/www.platformofinvention.sk\\\/wp-content\\\/uploads\\\/2021\\\/03\\\/young-architect-sitting-at-the-desk-indoors-in-off-VKAY6T2.jpg\",\"articleSection\":[\"Umfrage\"],\"inLanguage\":\"de\"},{\"@type\":\"WebPage\",\"@id\":\"https:\\\/\\\/www.platformofinvention.sk\\\/de\\\/muessen-sie-sich-gedanken-ueber-die-migration-in-die-cloud-machen\\\/\",\"url\":\"https:\\\/\\\/www.platformofinvention.sk\\\/de\\\/muessen-sie-sich-gedanken-ueber-die-migration-in-die-cloud-machen\\\/\",\"name\":\"M\u00fcssen Sie sich Gedanken \u00fcber die Migration in die Cloud machen? - Platform of invention\",\"isPartOf\":{\"@id\":\"https:\\\/\\\/www.platformofinvention.sk\\\/de\\\/#website\"},\"primaryImageOfPage\":{\"@id\":\"https:\\\/\\\/www.platformofinvention.sk\\\/de\\\/muessen-sie-sich-gedanken-ueber-die-migration-in-die-cloud-machen\\\/#primaryimage\"},\"image\":{\"@id\":\"https:\\\/\\\/www.platformofinvention.sk\\\/de\\\/muessen-sie-sich-gedanken-ueber-die-migration-in-die-cloud-machen\\\/#primaryimage\"},\"thumbnailUrl\":\"https:\\\/\\\/www.platformofinvention.sk\\\/wp-content\\\/uploads\\\/2021\\\/03\\\/young-architect-sitting-at-the-desk-indoors-in-off-VKAY6T2.jpg\",\"datePublished\":\"2021-11-04T11:03:00+00:00\",\"dateModified\":\"2025-03-20T15:08:30+00:00\",\"breadcrumb\":{\"@id\":\"https:\\\/\\\/www.platformofinvention.sk\\\/de\\\/muessen-sie-sich-gedanken-ueber-die-migration-in-die-cloud-machen\\\/#breadcrumb\"},\"inLanguage\":\"de\",\"potentialAction\":[{\"@type\":\"ReadAction\",\"target\":[\"https:\\\/\\\/www.platformofinvention.sk\\\/de\\\/muessen-sie-sich-gedanken-ueber-die-migration-in-die-cloud-machen\\\/\"]}]},{\"@type\":\"ImageObject\",\"inLanguage\":\"de\",\"@id\":\"https:\\\/\\\/www.platformofinvention.sk\\\/de\\\/muessen-sie-sich-gedanken-ueber-die-migration-in-die-cloud-machen\\\/#primaryimage\",\"url\":\"https:\\\/\\\/www.platformofinvention.sk\\\/wp-content\\\/uploads\\\/2021\\\/03\\\/young-architect-sitting-at-the-desk-indoors-in-off-VKAY6T2.jpg\",\"contentUrl\":\"https:\\\/\\\/www.platformofinvention.sk\\\/wp-content\\\/uploads\\\/2021\\\/03\\\/young-architect-sitting-at-the-desk-indoors-in-off-VKAY6T2.jpg\",\"width\":2000,\"height\":1333,\"caption\":\"young-architect-sitting-at-the-desk-indoors-in-off-VKAY6T2\"},{\"@type\":\"BreadcrumbList\",\"@id\":\"https:\\\/\\\/www.platformofinvention.sk\\\/de\\\/muessen-sie-sich-gedanken-ueber-die-migration-in-die-cloud-machen\\\/#breadcrumb\",\"itemListElement\":[{\"@type\":\"ListItem\",\"position\":1,\"name\":\"Tituln\u00e1 str\u00e1nka\",\"item\":\"https:\\\/\\\/www.platformofinvention.sk\\\/de\\\/zeitschrift\\\/\"},{\"@type\":\"ListItem\",\"position\":2,\"name\":\"M\u00fcssen Sie sich Gedanken \u00fcber die Migration in die Cloud machen?\"}]},{\"@type\":\"WebSite\",\"@id\":\"https:\\\/\\\/www.platformofinvention.sk\\\/de\\\/#website\",\"url\":\"https:\\\/\\\/www.platformofinvention.sk\\\/de\\\/\",\"name\":\"Platform of invention\",\"description\":\"Informa\u010dn\u00e9 technol\u00f3gie pre podnikanie s n\u00e1padom\",\"publisher\":{\"@id\":\"https:\\\/\\\/www.platformofinvention.sk\\\/de\\\/#organization\"},\"potentialAction\":[{\"@type\":\"SearchAction\",\"target\":{\"@type\":\"EntryPoint\",\"urlTemplate\":\"https:\\\/\\\/www.platformofinvention.sk\\\/de\\\/?s={search_term_string}\"},\"query-input\":{\"@type\":\"PropertyValueSpecification\",\"valueRequired\":true,\"valueName\":\"search_term_string\"}}],\"inLanguage\":\"de\"},{\"@type\":\"Organization\",\"@id\":\"https:\\\/\\\/www.platformofinvention.sk\\\/de\\\/#organization\",\"name\":\"platform of invention\",\"url\":\"https:\\\/\\\/www.platformofinvention.sk\\\/de\\\/\",\"logo\":{\"@type\":\"ImageObject\",\"inLanguage\":\"de\",\"@id\":\"https:\\\/\\\/www.platformofinvention.sk\\\/de\\\/#\\\/schema\\\/logo\\\/image\\\/\",\"url\":\"https:\\\/\\\/www.platformofinvention.sk\\\/wp-content\\\/uploads\\\/2021\\\/02\\\/Platform-of-invention-version-BAsset-2.svg\",\"contentUrl\":\"https:\\\/\\\/www.platformofinvention.sk\\\/wp-content\\\/uploads\\\/2021\\\/02\\\/Platform-of-invention-version-BAsset-2.svg\",\"width\":131.8600000000000136424205265939235687255859375,\"height\":50.93999999999999772626324556767940521240234375,\"caption\":\"platform of invention\"},\"image\":{\"@id\":\"https:\\\/\\\/www.platformofinvention.sk\\\/de\\\/#\\\/schema\\\/logo\\\/image\\\/\"},\"sameAs\":[\"https:\\\/\\\/www.linkedin.com\\\/company\\\/gamo-a-s-\\\/\"]},{\"@type\":\"Person\",\"@id\":\"https:\\\/\\\/www.platformofinvention.sk\\\/de\\\/#\\\/schema\\\/person\\\/08e798240c6b7cb46de703286ca199b5\",\"name\":\"Martin Pis\u00e1k\",\"image\":{\"@type\":\"ImageObject\",\"inLanguage\":\"de\",\"@id\":\"https:\\\/\\\/secure.gravatar.com\\\/avatar\\\/d2de79a2e97c4be8a9d0699f1ecb430a2e7790180dc5e18090b25f44e0a003d4?s=96&d=mm&r=g\",\"url\":\"https:\\\/\\\/secure.gravatar.com\\\/avatar\\\/d2de79a2e97c4be8a9d0699f1ecb430a2e7790180dc5e18090b25f44e0a003d4?s=96&d=mm&r=g\",\"contentUrl\":\"https:\\\/\\\/secure.gravatar.com\\\/avatar\\\/d2de79a2e97c4be8a9d0699f1ecb430a2e7790180dc5e18090b25f44e0a003d4?s=96&d=mm&r=g\",\"caption\":\"Martin Pis\u00e1k\"},\"description\":\"Cloud prin\u00e1\u0161a nov\u00e9 mo\u017enosti a zdokona\u013euje vlastn\u00e9 slu\u017eby.\",\"sameAs\":[\"http:\\\/\\\/gamo.sk\"],\"url\":\"https:\\\/\\\/www.platformofinvention.sk\\\/de\\\/author\\\/martin-pisakgamo-sk\\\/\"}]}<\/script>\n<!-- \/ Yoast SEO plugin. -->","yoast_head_json":{"title":"M\u00fcssen Sie sich Gedanken \u00fcber die Migration in die Cloud machen? - Platform of invention","robots":{"index":"index","follow":"follow","max-snippet":"max-snippet:-1","max-image-preview":"max-image-preview:large","max-video-preview":"max-video-preview:-1"},"canonical":"https:\/\/www.platformofinvention.sk\/de\/muessen-sie-sich-gedanken-ueber-die-migration-in-die-cloud-machen\/","og_locale":"de_DE","og_type":"article","og_title":"M\u00fcssen Sie sich Gedanken \u00fcber die Migration in die Cloud machen? - Platform of invention","og_description":"Wir haben drei slowakische Unternehmen nach ihren Erfahrungen mit der Migration in die Cloud gefragt.","og_url":"https:\/\/www.platformofinvention.sk\/de\/muessen-sie-sich-gedanken-ueber-die-migration-in-die-cloud-machen\/","og_site_name":"Platform of invention","article_published_time":"2021-11-04T11:03:00+00:00","article_modified_time":"2025-03-20T15:08:30+00:00","og_image":[{"width":2000,"height":1333,"url":"https:\/\/www.platformofinvention.sk\/wp-content\/uploads\/2021\/03\/young-architect-sitting-at-the-desk-indoors-in-off-VKAY6T2.jpg","type":"image\/jpeg"}],"author":"Martin Pis\u00e1k","twitter_card":"summary_large_image","twitter_misc":{"Verfasst von":"Martin Pis\u00e1k","Gesch\u00e4tzte Lesezeit":"4\u00a0Minuten"},"schema":{"@context":"https:\/\/schema.org","@graph":[{"@type":"Article","@id":"https:\/\/www.platformofinvention.sk\/de\/muessen-sie-sich-gedanken-ueber-die-migration-in-die-cloud-machen\/#article","isPartOf":{"@id":"https:\/\/www.platformofinvention.sk\/de\/muessen-sie-sich-gedanken-ueber-die-migration-in-die-cloud-machen\/"},"author":{"name":"Martin Pis\u00e1k","@id":"https:\/\/www.platformofinvention.sk\/de\/#\/schema\/person\/08e798240c6b7cb46de703286ca199b5"},"headline":"M\u00fcssen Sie sich Gedanken \u00fcber die Migration in die Cloud machen?","datePublished":"2021-11-04T11:03:00+00:00","dateModified":"2025-03-20T15:08:30+00:00","mainEntityOfPage":{"@id":"https:\/\/www.platformofinvention.sk\/de\/muessen-sie-sich-gedanken-ueber-die-migration-in-die-cloud-machen\/"},"wordCount":742,"publisher":{"@id":"https:\/\/www.platformofinvention.sk\/de\/#organization"},"image":{"@id":"https:\/\/www.platformofinvention.sk\/de\/muessen-sie-sich-gedanken-ueber-die-migration-in-die-cloud-machen\/#primaryimage"},"thumbnailUrl":"https:\/\/www.platformofinvention.sk\/wp-content\/uploads\/2021\/03\/young-architect-sitting-at-the-desk-indoors-in-off-VKAY6T2.jpg","articleSection":["Umfrage"],"inLanguage":"de"},{"@type":"WebPage","@id":"https:\/\/www.platformofinvention.sk\/de\/muessen-sie-sich-gedanken-ueber-die-migration-in-die-cloud-machen\/","url":"https:\/\/www.platformofinvention.sk\/de\/muessen-sie-sich-gedanken-ueber-die-migration-in-die-cloud-machen\/","name":"M\u00fcssen Sie sich Gedanken \u00fcber die Migration in die Cloud machen? - Platform of invention","isPartOf":{"@id":"https:\/\/www.platformofinvention.sk\/de\/#website"},"primaryImageOfPage":{"@id":"https:\/\/www.platformofinvention.sk\/de\/muessen-sie-sich-gedanken-ueber-die-migration-in-die-cloud-machen\/#primaryimage"},"image":{"@id":"https:\/\/www.platformofinvention.sk\/de\/muessen-sie-sich-gedanken-ueber-die-migration-in-die-cloud-machen\/#primaryimage"},"thumbnailUrl":"https:\/\/www.platformofinvention.sk\/wp-content\/uploads\/2021\/03\/young-architect-sitting-at-the-desk-indoors-in-off-VKAY6T2.jpg","datePublished":"2021-11-04T11:03:00+00:00","dateModified":"2025-03-20T15:08:30+00:00","breadcrumb":{"@id":"https:\/\/www.platformofinvention.sk\/de\/muessen-sie-sich-gedanken-ueber-die-migration-in-die-cloud-machen\/#breadcrumb"},"inLanguage":"de","potentialAction":[{"@type":"ReadAction","target":["https:\/\/www.platformofinvention.sk\/de\/muessen-sie-sich-gedanken-ueber-die-migration-in-die-cloud-machen\/"]}]},{"@type":"ImageObject","inLanguage":"de","@id":"https:\/\/www.platformofinvention.sk\/de\/muessen-sie-sich-gedanken-ueber-die-migration-in-die-cloud-machen\/#primaryimage","url":"https:\/\/www.platformofinvention.sk\/wp-content\/uploads\/2021\/03\/young-architect-sitting-at-the-desk-indoors-in-off-VKAY6T2.jpg","contentUrl":"https:\/\/www.platformofinvention.sk\/wp-content\/uploads\/2021\/03\/young-architect-sitting-at-the-desk-indoors-in-off-VKAY6T2.jpg","width":2000,"height":1333,"caption":"young-architect-sitting-at-the-desk-indoors-in-off-VKAY6T2"},{"@type":"BreadcrumbList","@id":"https:\/\/www.platformofinvention.sk\/de\/muessen-sie-sich-gedanken-ueber-die-migration-in-die-cloud-machen\/#breadcrumb","itemListElement":[{"@type":"ListItem","position":1,"name":"Tituln\u00e1 str\u00e1nka","item":"https:\/\/www.platformofinvention.sk\/de\/zeitschrift\/"},{"@type":"ListItem","position":2,"name":"M\u00fcssen Sie sich Gedanken \u00fcber die Migration in die Cloud machen?"}]},{"@type":"WebSite","@id":"https:\/\/www.platformofinvention.sk\/de\/#website","url":"https:\/\/www.platformofinvention.sk\/de\/","name":"Platform of invention","description":"Informa\u010dn\u00e9 technol\u00f3gie pre podnikanie s n\u00e1padom","publisher":{"@id":"https:\/\/www.platformofinvention.sk\/de\/#organization"},"potentialAction":[{"@type":"SearchAction","target":{"@type":"EntryPoint","urlTemplate":"https:\/\/www.platformofinvention.sk\/de\/?s={search_term_string}"},"query-input":{"@type":"PropertyValueSpecification","valueRequired":true,"valueName":"search_term_string"}}],"inLanguage":"de"},{"@type":"Organization","@id":"https:\/\/www.platformofinvention.sk\/de\/#organization","name":"platform of invention","url":"https:\/\/www.platformofinvention.sk\/de\/","logo":{"@type":"ImageObject","inLanguage":"de","@id":"https:\/\/www.platformofinvention.sk\/de\/#\/schema\/logo\/image\/","url":"https:\/\/www.platformofinvention.sk\/wp-content\/uploads\/2021\/02\/Platform-of-invention-version-BAsset-2.svg","contentUrl":"https:\/\/www.platformofinvention.sk\/wp-content\/uploads\/2021\/02\/Platform-of-invention-version-BAsset-2.svg","width":131.8600000000000136424205265939235687255859375,"height":50.93999999999999772626324556767940521240234375,"caption":"platform of invention"},"image":{"@id":"https:\/\/www.platformofinvention.sk\/de\/#\/schema\/logo\/image\/"},"sameAs":["https:\/\/www.linkedin.com\/company\/gamo-a-s-\/"]},{"@type":"Person","@id":"https:\/\/www.platformofinvention.sk\/de\/#\/schema\/person\/08e798240c6b7cb46de703286ca199b5","name":"Martin Pis\u00e1k","image":{"@type":"ImageObject","inLanguage":"de","@id":"https:\/\/secure.gravatar.com\/avatar\/d2de79a2e97c4be8a9d0699f1ecb430a2e7790180dc5e18090b25f44e0a003d4?s=96&d=mm&r=g","url":"https:\/\/secure.gravatar.com\/avatar\/d2de79a2e97c4be8a9d0699f1ecb430a2e7790180dc5e18090b25f44e0a003d4?s=96&d=mm&r=g","contentUrl":"https:\/\/secure.gravatar.com\/avatar\/d2de79a2e97c4be8a9d0699f1ecb430a2e7790180dc5e18090b25f44e0a003d4?s=96&d=mm&r=g","caption":"Martin Pis\u00e1k"},"description":"Cloud prin\u00e1\u0161a nov\u00e9 mo\u017enosti a zdokona\u013euje vlastn\u00e9 slu\u017eby.","sameAs":["http:\/\/gamo.sk"],"url":"https:\/\/www.platformofinvention.sk\/de\/author\/martin-pisakgamo-sk\/"}]}},"_links":{"self":[{"href":"https:\/\/www.platformofinvention.sk\/de\/wp-json\/wp\/v2\/posts\/5251","targetHints":{"allow":["GET"]}}],"collection":[{"href":"https:\/\/www.platformofinvention.sk\/de\/wp-json\/wp\/v2\/posts"}],"about":[{"href":"https:\/\/www.platformofinvention.sk\/de\/wp-json\/wp\/v2\/types\/post"}],"author":[{"embeddable":true,"href":"https:\/\/www.platformofinvention.sk\/de\/wp-json\/wp\/v2\/users\/4"}],"replies":[{"embeddable":true,"href":"https:\/\/www.platformofinvention.sk\/de\/wp-json\/wp\/v2\/comments?post=5251"}],"version-history":[{"count":1,"href":"https:\/\/www.platformofinvention.sk\/de\/wp-json\/wp\/v2\/posts\/5251\/revisions"}],"predecessor-version":[{"id":5261,"href":"https:\/\/www.platformofinvention.sk\/de\/wp-json\/wp\/v2\/posts\/5251\/revisions\/5261"}],"wp:featuredmedia":[{"embeddable":true,"href":"https:\/\/www.platformofinvention.sk\/de\/wp-json\/wp\/v2\/media\/5257"}],"wp:attachment":[{"href":"https:\/\/www.platformofinvention.sk\/de\/wp-json\/wp\/v2\/media?parent=5251"}],"wp:term":[{"taxonomy":"category","embeddable":true,"href":"https:\/\/www.platformofinvention.sk\/de\/wp-json\/wp\/v2\/categories?post=5251"},{"taxonomy":"post_tag","embeddable":true,"href":"https:\/\/www.platformofinvention.sk\/de\/wp-json\/wp\/v2\/tags?post=5251"},{"taxonomy":"cislo-magazinu","embeddable":true,"href":"https:\/\/www.platformofinvention.sk\/de\/wp-json\/wp\/v2\/cislo-magazinu?post=5251"}],"curies":[{"name":"wp","href":"https:\/\/api.w.org\/{rel}","templated":true}]}}